{"id":1578,"date":"2025-08-01T07:52:34","date_gmt":"2025-08-01T07:52:34","guid":{"rendered":"https:\/\/carstensprung.de\/?p=1578"},"modified":"2025-08-01T07:52:34","modified_gmt":"2025-08-01T07:52:34","slug":"ein-starker-mittelstand-ist-das-rueckgrat-stabiler-gemeindefinanzen","status":"publish","type":"post","link":"https:\/\/carstensprung.de\/?p=1578","title":{"rendered":"Ein starker Mittelstand ist das R\u00fcckgrat stabiler Gemeindefinanzen"},"content":{"rendered":"\n<p>Ein starker Mittelstand ist das R\u00fcckgrat gesunder Gemeindefinanzen!<\/p>\n\n\n\n<p>Deshalb setze ich mich f\u00fcr eine St\u00e4rkung unseres lokalen Mittelstandes ein.<\/p>\n\n\n\n<p>Dazu geh\u00f6rt:<\/p>\n\n\n\n<ul class=\"wp-block-list\">\n<li>Ein klares Bekenntnis zu Wirtschaftswachstum. Ich finde es gut, wenn heimische Unternehmer\/-innen die Zukunft ihres Unternehmes in der Gemeinde Nordkirchen sehen. Deshalb werde ich sie bei ihren Wachstumspl\u00e4nen unterst\u00fctzen \u2013 auch, wenn es dabei zu unbequemen Entscheidungen kommen kann. Diese werde ich entsprechend moderieren.<\/li>\n\n\n\n<li>Einen Ausbau Wirtschaftsf\u00f6rderung, insbesondere bei Themen wie Digitalisierung und Innovation.<\/li>\n\n\n\n<li>Wo immer m\u00f6glich eine Reduzierung b\u00fcrokratischer Aufw\u00e4nde.<\/li>\n<\/ul>\n\n\n\n<p>Mehr dazu in der aktuellen Folge &#8222;Nordkirchen ist auf dem Sprung&#8220;! <\/p>\n\n\n\n<div class=\"wp-block-buttons is-layout-flex wp-block-buttons-is-layout-flex\">\n<div class=\"wp-block-button is-style-outline is-style-outline--1\"><a class=\"wp-block-button__link has-small-font-size has-custom-font-size wp-element-button\" href=\"https:\/\/carstensprung.de\/?page_id=1457#1457-c25\">Zum Beitrag<\/a><\/div>\n<\/div>\n\n\n\n<div class=\"wp-block-buttons is-layout-flex wp-block-buttons-is-layout-flex\">\n<div class=\"wp-block-button is-style-outline is-style-outline--2\"><a class=\"wp-block-button__link has-small-font-size has-custom-font-size wp-element-button\" href=\"https:\/\/carstensprung.de\/?page_id=12\">Zur\u00fcck<\/a><\/div>\n<\/div>\n","protected":false},"excerpt":{"rendered":"<p>Ich bekenne mich zu Wirtschaftswachstum. Denn ein starkes, lokales Gewerbe ist das R\u00fcckgrat stabiler Gemeindefinanzen. Mehr dazu in der aktuellen Folge &#8222;Nordkirchen ist auf dem Sprung&#8220;.<\/p>\n","protected":false},"author":1,"featured_media":1579,"comment_status":"open","ping_status":"open","sticky":false,"template":"","format":"standard","meta":{"_jetpack_memberships_contains_paid_content":false,"footnotes":""},"categories":[5],"tags":[],"class_list":["post-1578","post","type-post","status-publish","format-standard","has-post-thumbnail","hentry","category-wirtschaft-gewerbe"],"jetpack_featured_media_url":"https:\/\/carstensprung.de\/wp-content\/uploads\/2025\/08\/6-Nordkirchen-Wirtschaft-Cover-e1754034661317.png","jetpack_sharing_enabled":true,"_links":{"self":[{"href":"https:\/\/carstensprung.de\/index.php?rest_route=\/wp\/v2\/posts\/1578","targetHints":{"allow":["GET"]}}],"collection":[{"href":"https:\/\/carstensprung.de\/index.php?rest_route=\/wp\/v2\/posts"}],"about":[{"href":"https:\/\/carstensprung.de\/index.php?rest_route=\/wp\/v2\/types\/post"}],"author":[{"embeddable":true,"href":"https:\/\/carstensprung.de\/index.php?rest_route=\/wp\/v2\/users\/1"}],"replies":[{"embeddable":true,"href":"https:\/\/carstensprung.de\/index.php?rest_route=%2Fwp%2Fv2%2Fcomments&post=1578"}],"version-history":[{"count":1,"href":"https:\/\/carstensprung.de\/index.php?rest_route=\/wp\/v2\/posts\/1578\/revisions"}],"predecessor-version":[{"id":1580,"href":"https:\/\/carstensprung.de\/index.php?rest_route=\/wp\/v2\/posts\/1578\/revisions\/1580"}],"wp:featuredmedia":[{"embeddable":true,"href":"https:\/\/carstensprung.de\/index.php?rest_route=\/wp\/v2\/media\/1579"}],"wp:attachment":[{"href":"https:\/\/carstensprung.de\/index.php?rest_route=%2Fwp%2Fv2%2Fmedia&parent=1578"}],"wp:term":[{"taxonomy":"category","embeddable":true,"href":"https:\/\/carstensprung.de\/index.php?rest_route=%2Fwp%2Fv2%2Fcategories&post=1578"},{"taxonomy":"post_tag","embeddable":true,"href":"https:\/\/carstensprung.de\/index.php?rest_route=%2Fwp%2Fv2%2Ftags&post=1578"}],"curies":[{"name":"wp","href":"https:\/\/api.w.org\/{rel}","templated":true}]}}